 
{"id":1270,"date":"2022-10-02T20:04:25","date_gmt":"2022-10-02T17:04:25","guid":{"rendered":"http:\/\/www.saskia.fi\/?p=1270"},"modified":"2025-12-05T10:28:14","modified_gmt":"2025-12-05T08:28:14","slug":"saskia-sisar-hilkka-hakava-on-kuollut-lahes-107-vuoden-iassa","status":"publish","type":"post","link":"http:\/\/www.saskia.fi\/index.php\/2022\/10\/02\/saskia-sisar-hilkka-hakava-on-kuollut-lahes-107-vuoden-iassa\/","title":{"rendered":"Saskia-sisar Hilkka Hakava on kuollut l\u00e4hes 107 vuoden i\u00e4ss\u00e4"},"content":{"rendered":"<p>Yhdistyksemme kunniaj\u00e4sen, todellinen Saskia-sisar Hilkka Hakava on kuollut 30.8.2022 l\u00e4hes 107-vuotiaana.<\/p>\n<p>Hilkka siunattiin 1.10.2022 Auroran kappelissa edesmenneen puolisonsa Aale Hakavan hienojen hiilipiirrosten alla.<\/p>\n<p>Yhdistyksess\u00e4 Hilkka muistetaan valoisana ja kannustavana persoonana.<\/p>\n<p>H\u00e4n jaksoi olla loppuun saakka kiinnostunut maailman asioiden ohella my\u00f6s Saskioiden kuulumisista.<\/p>\n<p>Hilkka j\u00e4tt\u00e4\u00e4 mieliimme l\u00e4mpim\u00e4n muiston<\/p>\n<p><img decoding=\"async\" loading=\"lazy\" class=\"alignnone wp-image-2189 size-thumbnail\" src=\"http:\/\/www.saskia.fi\/wp-content\/uploads\/2022\/10\/310546798_5799340096751384_1625944106384927877_n-150x150.jpg\" alt=\"\" width=\"150\" height=\"150\" srcset=\"http:\/\/www.saskia.fi\/wp-content\/uploads\/2022\/10\/310546798_5799340096751384_1625944106384927877_n-150x150.jpg 150w, http:\/\/www.saskia.fi\/wp-content\/uploads\/2022\/10\/310546798_5799340096751384_1625944106384927877_n.jpg 206w\" sizes=\"(max-width: 150px) 100vw, 150px\" \/><\/p>\n","protected":false},"excerpt":{"rendered":"<p>Yhdistyksemme kunniaj\u00e4sen, todellinen Saskia-sisar Hilkka Hakava on kuollut 30.8.2022 l\u00e4hes 107-vuotiaana. Hilkka siunattiin 1.10.2022 Auroran kappelissa edesmenneen puolisonsa Aale Hakavan hienojen hiilipiirrosten alla. Yhdistyksess\u00e4 Hilkka muistetaan valoisana ja kannustavana persoonana. H\u00e4n jaksoi olla loppuun saakka kiinnostunut maailman asioiden ohella my\u00f6s Saskioiden kuulumisista. Hilkka j\u00e4tt\u00e4\u00e4 mieliimme l\u00e4mpim\u00e4n muiston<\/p>\n","protected":false},"author":2,"featured_media":0,"comment_status":"open","ping_status":"open","sticky":false,"template":"","format":"standard","meta":[],"categories":[1],"tags":[],"_links":{"self":[{"href":"http:\/\/www.saskia.fi\/index.php\/wp-json\/wp\/v2\/posts\/1270"}],"collection":[{"href":"http:\/\/www.saskia.fi\/index.php\/wp-json\/wp\/v2\/posts"}],"about":[{"href":"http:\/\/www.saskia.fi\/index.php\/wp-json\/wp\/v2\/types\/post"}],"author":[{"embeddable":true,"href":"http:\/\/www.saskia.fi\/index.php\/wp-json\/wp\/v2\/users\/2"}],"replies":[{"embeddable":true,"href":"http:\/\/www.saskia.fi\/index.php\/wp-json\/wp\/v2\/comments?post=1270"}],"version-history":[{"count":6,"href":"http:\/\/www.saskia.fi\/index.php\/wp-json\/wp\/v2\/posts\/1270\/revisions"}],"predecessor-version":[{"id":3017,"href":"http:\/\/www.saskia.fi\/index.php\/wp-json\/wp\/v2\/posts\/1270\/revisions\/3017"}],"wp:attachment":[{"href":"http:\/\/www.saskia.fi\/index.php\/wp-json\/wp\/v2\/media?parent=1270"}],"wp:term":[{"taxonomy":"category","embeddable":true,"href":"http:\/\/www.saskia.fi\/index.php\/wp-json\/wp\/v2\/categories?post=1270"},{"taxonomy":"post_tag","embeddable":true,"href":"http:\/\/www.saskia.fi\/index.php\/wp-json\/wp\/v2\/tags?post=1270"}],"curies":[{"name":"wp","href":"https:\/\/api.w.org\/{rel}","templated":true}]}}