 
{"id":2849,"date":"2025-08-27T11:02:47","date_gmt":"2025-08-27T08:02:47","guid":{"rendered":"https:\/\/www.saskia.fi\/?p=2849"},"modified":"2025-08-27T11:02:47","modified_gmt":"2025-08-27T08:02:47","slug":"helsingin-saskioita-maunulan-uurnalehdolla-26-8-2025","status":"publish","type":"post","link":"https:\/\/www.saskia.fi\/index.php\/2025\/08\/27\/helsingin-saskioita-maunulan-uurnalehdolla-26-8-2025\/","title":{"rendered":"Helsingin Saskioita Maunulan uurnalehdolla 26.8.2025"},"content":{"rendered":"<p>Saskia ry:n pitk\u00e4aikainen <strong>kunniaj\u00e4sen Meri Virtanen<\/strong> siirtyi ajasta ikuisuuteen helmikuussa 2025 kunnioitettavassa 98 vuoden i\u00e4ss\u00e4.<\/p>\n<p>Merin viimeinen lepopaikka sijaitsee Helsingiss\u00e4 Maunulan uurnalehdossa.<\/p>\n<p>Saskioiden pieni ryhm\u00e4 k\u00e4vi Merin muistoa kunnioittaen viem\u00e4ss\u00e4 h\u00e4nen haudalleen kukkatervehdyksen ja muistelemassa menneit\u00e4 yhteisi\u00e4 aikoja.<\/p>\n<p>Meri j\u00e4tti yhdistyksen j\u00e4senten mieliin l\u00e4mpim\u00e4n ja kiitollisen muiston.<\/p>\n<p>Kuvat: Leena Kartimo<\/p>\n<p><img decoding=\"async\" loading=\"lazy\" class=\"alignnone size-medium wp-image-2850\" src=\"http:\/\/www.saskia.fi\/wp-content\/uploads\/2025\/08\/2025-Meri-Virtasen-haudalla-26.8.-Heli-L-K-Sinikka-T-Leena-K-Liisa-V-1-182x300.jpeg\" alt=\"\" width=\"182\" height=\"300\" srcset=\"https:\/\/www.saskia.fi\/wp-content\/uploads\/2025\/08\/2025-Meri-Virtasen-haudalla-26.8.-Heli-L-K-Sinikka-T-Leena-K-Liisa-V-1-182x300.jpeg 182w, https:\/\/www.saskia.fi\/wp-content\/uploads\/2025\/08\/2025-Meri-Virtasen-haudalla-26.8.-Heli-L-K-Sinikka-T-Leena-K-Liisa-V-1-623x1024.jpeg 623w, https:\/\/www.saskia.fi\/wp-content\/uploads\/2025\/08\/2025-Meri-Virtasen-haudalla-26.8.-Heli-L-K-Sinikka-T-Leena-K-Liisa-V-1-768x1263.jpeg 768w, https:\/\/www.saskia.fi\/wp-content\/uploads\/2025\/08\/2025-Meri-Virtasen-haudalla-26.8.-Heli-L-K-Sinikka-T-Leena-K-Liisa-V-1.jpeg 921w\" sizes=\"(max-width: 182px) 100vw, 182px\" \/> <img decoding=\"async\" loading=\"lazy\" class=\"alignnone size-medium wp-image-2851\" src=\"http:\/\/www.saskia.fi\/wp-content\/uploads\/2025\/08\/2025-Meri-Virtasen-haudalla-26.8.-Heli-L-K-Sinikka-T-Leena-K-Liisa-V-1-225x300.jpg\" alt=\"\" width=\"225\" height=\"300\" srcset=\"https:\/\/www.saskia.fi\/wp-content\/uploads\/2025\/08\/2025-Meri-Virtasen-haudalla-26.8.-Heli-L-K-Sinikka-T-Leena-K-Liisa-V-1-225x300.jpg 225w, https:\/\/www.saskia.fi\/wp-content\/uploads\/2025\/08\/2025-Meri-Virtasen-haudalla-26.8.-Heli-L-K-Sinikka-T-Leena-K-Liisa-V-1-768x1024.jpg 768w, https:\/\/www.saskia.fi\/wp-content\/uploads\/2025\/08\/2025-Meri-Virtasen-haudalla-26.8.-Heli-L-K-Sinikka-T-Leena-K-Liisa-V-1-1152x1536.jpg 1152w, https:\/\/www.saskia.fi\/wp-content\/uploads\/2025\/08\/2025-Meri-Virtasen-haudalla-26.8.-Heli-L-K-Sinikka-T-Leena-K-Liisa-V-1.jpg 1536w\" sizes=\"(max-width: 225px) 100vw, 225px\" \/><\/p>\n<p>&nbsp;<\/p>\n","protected":false},"excerpt":{"rendered":"<p>Saskia ry:n pitk\u00e4aikainen kunniaj\u00e4sen Meri Virtanen siirtyi ajasta ikuisuuteen helmikuussa 2025 kunnioitettavassa 98 vuoden i\u00e4ss\u00e4. Merin viimeinen lepopaikka sijaitsee Helsingiss\u00e4 Maunulan uurnalehdossa. Saskioiden pieni ryhm\u00e4 k\u00e4vi Merin muistoa kunnioittaen viem\u00e4ss\u00e4 h\u00e4nen haudalleen kukkatervehdyksen ja muistelemassa menneit\u00e4 yhteisi\u00e4 aikoja. Meri j\u00e4tti yhdistyksen j\u00e4senten mieliin l\u00e4mpim\u00e4n ja kiitollisen muiston. Kuvat: Leena Kartimo &nbsp;<\/p>\n","protected":false},"author":2,"featured_media":0,"comment_status":"open","ping_status":"open","sticky":false,"template":"","format":"standard","meta":[],"categories":[1],"tags":[],"_links":{"self":[{"href":"https:\/\/www.saskia.fi\/index.php\/wp-json\/wp\/v2\/posts\/2849"}],"collection":[{"href":"https:\/\/www.saskia.fi\/index.php\/wp-json\/wp\/v2\/posts"}],"about":[{"href":"https:\/\/www.saskia.fi\/index.php\/wp-json\/wp\/v2\/types\/post"}],"author":[{"embeddable":true,"href":"https:\/\/www.saskia.fi\/index.php\/wp-json\/wp\/v2\/users\/2"}],"replies":[{"embeddable":true,"href":"https:\/\/www.saskia.fi\/index.php\/wp-json\/wp\/v2\/comments?post=2849"}],"version-history":[{"count":1,"href":"https:\/\/www.saskia.fi\/index.php\/wp-json\/wp\/v2\/posts\/2849\/revisions"}],"predecessor-version":[{"id":2853,"href":"https:\/\/www.saskia.fi\/index.php\/wp-json\/wp\/v2\/posts\/2849\/revisions\/2853"}],"wp:attachment":[{"href":"https:\/\/www.saskia.fi\/index.php\/wp-json\/wp\/v2\/media?parent=2849"}],"wp:term":[{"taxonomy":"category","embeddable":true,"href":"https:\/\/www.saskia.fi\/index.php\/wp-json\/wp\/v2\/categories?post=2849"},{"taxonomy":"post_tag","embeddable":true,"href":"https:\/\/www.saskia.fi\/index.php\/wp-json\/wp\/v2\/tags?post=2849"}],"curies":[{"name":"wp","href":"https:\/\/api.w.org\/{rel}","templated":true}]}}